{"id":266,"date":"2023-01-22T15:08:03","date_gmt":"2023-01-22T15:08:03","guid":{"rendered":"https:\/\/yoga-gp.de\/?p=266"},"modified":"2026-04-27T09:45:36","modified_gmt":"2026-04-27T09:45:36","slug":"mallorca","status":"publish","type":"post","link":"https:\/\/yoga-gp.de\/?p=266","title":{"rendered":"MALLORCA Selfcare Yoga Retreat 08.-15.05.2027"},"content":{"rendered":"<p>[et_pb_section fb_built=&#8220;1&#8243; _builder_version=&#8220;4.19.4&#8243; _module_preset=&#8220;default&#8220; global_colors_info=&#8220;{}&#8220;][et_pb_row column_structure=&#8220;1_2,1_2&#8243; _builder_version=&#8220;4.19.4&#8243; _module_preset=&#8220;default&#8220; global_colors_info=&#8220;{}&#8220;][et_pb_column type=&#8220;1_2&#8243; _builder_version=&#8220;4.19.4&#8243; _module_preset=&#8220;default&#8220; global_colors_info=&#8220;{}&#8220;][et_pb_text _builder_version=&#8220;4.19.4&#8243; _module_preset=&#8220;default&#8220; global_colors_info=&#8220;{}&#8220;]<\/p>\n<p>F\u00fcr sich selbst da zu sein ist niemals eine selbsts\u00fcchtige Handlung. Vielmehr ist es eine \u00dcbung darin, die eigenen Ressourcen zu entdecken und zu nutzen. Ziehen Sie sich im Herzen Mallorcas aus Ihrem Alltag zur\u00fcck, um die kraftvolle Verbindung von Selfcare und achtsamem\u00a0Yoga und die unterst\u00fctzende Wirkung \u00e4therischer \u00d6le zu sp\u00fcren.<\/p>\n<p>[\/et_pb_text][\/et_pb_column][et_pb_column type=&#8220;1_2&#8243; _builder_version=&#8220;4.19.4&#8243; _module_preset=&#8220;default&#8220; global_colors_info=&#8220;{}&#8220;][et_pb_text _builder_version=&#8220;4.19.4&#8243; _module_preset=&#8220;default&#8220; global_colors_info=&#8220;{}&#8220;]<\/p>\n<ul>\n<li><span><\/span>Selfcare Retreat mit Yoga und \u00e4therischen \u00d6len<\/li>\n<li><span><\/span>Mit Anusara Yoga die ideale Ausrichtung f\u00fcr den eigenen K\u00f6rper finden\u00a0<\/li>\n<li><span><\/span>Nachhaltiger Finca-Urlaub im Herzen Mallorcas mit Pool, Spa und vegan-vegetarischer Vollverpflegung<\/li>\n<li><span><\/span>Die Wirkung \u00e4therischer \u00d6le entdecken und in die Welt der D\u00fcfte eintauchen<\/li>\n<\/ul>\n<p>[\/et_pb_text][et_pb_button button_url=&#8220;https:\/\/www.indigourlaub.com\/d\/selfcare-yoga-mallorca\/&#8220; url_new_window=&#8220;on&#8220; button_text=&#8220;BUCHEN&#8220; button_alignment=&#8220;center&#8220; _builder_version=&#8220;4.19.4&#8243; _module_preset=&#8220;default&#8220; global_colors_info=&#8220;{}&#8220;][\/et_pb_button][\/et_pb_column][\/et_pb_row][et_pb_row column_structure=&#8220;1_3,1_3,1_3&#8243; disabled_on=&#8220;off|off|off&#8220; _builder_version=&#8220;4.19.4&#8243; _module_preset=&#8220;default&#8220; global_colors_info=&#8220;{}&#8220;][et_pb_column type=&#8220;1_3&#8243; _builder_version=&#8220;4.19.4&#8243; _module_preset=&#8220;default&#8220; global_colors_info=&#8220;{}&#8220;][et_pb_image src=&#8220;https:\/\/yoga-gp.de\/wp-content\/uploads\/2025\/03\/SM1-1.jpg&#8220; title_text=&#8220;SM1&#8243; _builder_version=&#8220;4.19.4&#8243; _module_preset=&#8220;default&#8220; global_colors_info=&#8220;{}&#8220;][\/et_pb_image][\/et_pb_column][et_pb_column type=&#8220;1_3&#8243; _builder_version=&#8220;4.19.4&#8243; _module_preset=&#8220;default&#8220; global_colors_info=&#8220;{}&#8220;][et_pb_video src=&#8220;https:\/\/yoga-gp.de\/wp-content\/uploads\/2025\/03\/copy_0203BE6B-219C-4927-B361-2F6339FF6A68.mov&#8220; play_icon_color=&#8220;#8300E9&#8243; _builder_version=&#8220;4.19.4&#8243; _module_preset=&#8220;default&#8220; global_colors_info=&#8220;{}&#8220;][\/et_pb_video][\/et_pb_column][et_pb_column type=&#8220;1_3&#8243; _builder_version=&#8220;4.19.4&#8243; _module_preset=&#8220;default&#8220; global_colors_info=&#8220;{}&#8220;][et_pb_image src=&#8220;https:\/\/yoga-gp.de\/wp-content\/uploads\/2023\/01\/SM6.jpg&#8220; title_text=&#8220;SM6&#8243; _builder_version=&#8220;4.19.4&#8243; _module_preset=&#8220;default&#8220; global_colors_info=&#8220;{}&#8220;][\/et_pb_image][\/et_pb_column][\/et_pb_row][et_pb_row _builder_version=&#8220;4.19.4&#8243; _module_preset=&#8220;default&#8220; global_colors_info=&#8220;{}&#8220;][et_pb_column type=&#8220;4_4&#8243; _builder_version=&#8220;4.19.4&#8243; _module_preset=&#8220;default&#8220; global_colors_info=&#8220;{}&#8220;][et_pb_gallery gallery_ids=&#8220;871,870,869,861,859,860,862,872&#8243; posts_number=&#8220;20&#8243; show_title_and_caption=&#8220;off&#8220; show_pagination=&#8220;off&#8220; _builder_version=&#8220;4.19.4&#8243; _module_preset=&#8220;default&#8220; title_font_size=&#8220;0px&#8220; global_colors_info=&#8220;{}&#8220;][\/et_pb_gallery][\/et_pb_column][\/et_pb_row][\/et_pb_section]<\/p>\n","protected":false},"excerpt":{"rendered":"<p>F\u00fcr sich selbst da zu sein ist niemals eine selbsts\u00fcchtige Handlung. Vielmehr ist es eine \u00dcbung darin, die eigenen Ressourcen zu entdecken und zu nutzen. Ziehen Sie sich im Herzen Mallorcas aus Ihrem Alltag zur\u00fcck, um die kraftvolle Verbindung von Selfcare und achtsamem\u00a0Yoga und die unterst\u00fctzende Wirkung \u00e4therischer \u00d6le zu sp\u00fcren. Selfcare Retreat mit Yoga [&hellip;]<\/p>\n","protected":false},"author":1,"featured_media":871,"comment_status":"closed","ping_status":"closed","sticky":false,"template":"","format":"standard","meta":{"_et_pb_use_builder":"on","_et_pb_old_content":"","_et_gb_content_width":"2880","footnotes":""},"categories":[5],"tags":[],"class_list":["post-266","post","type-post","status-publish","format-standard","has-post-thumbnail","hentry","category-mallorca"],"_links":{"self":[{"href":"https:\/\/yoga-gp.de\/index.php?rest_route=\/wp\/v2\/posts\/266","targetHints":{"allow":["GET"]}}],"collection":[{"href":"https:\/\/yoga-gp.de\/index.php?rest_route=\/wp\/v2\/posts"}],"about":[{"href":"https:\/\/yoga-gp.de\/index.php?rest_route=\/wp\/v2\/types\/post"}],"author":[{"embeddable":true,"href":"https:\/\/yoga-gp.de\/index.php?rest_route=\/wp\/v2\/users\/1"}],"replies":[{"embeddable":true,"href":"https:\/\/yoga-gp.de\/index.php?rest_route=%2Fwp%2Fv2%2Fcomments&post=266"}],"version-history":[{"count":38,"href":"https:\/\/yoga-gp.de\/index.php?rest_route=\/wp\/v2\/posts\/266\/revisions"}],"predecessor-version":[{"id":949,"href":"https:\/\/yoga-gp.de\/index.php?rest_route=\/wp\/v2\/posts\/266\/revisions\/949"}],"wp:featuredmedia":[{"embeddable":true,"href":"https:\/\/yoga-gp.de\/index.php?rest_route=\/wp\/v2\/media\/871"}],"wp:attachment":[{"href":"https:\/\/yoga-gp.de\/index.php?rest_route=%2Fwp%2Fv2%2Fmedia&parent=266"}],"wp:term":[{"taxonomy":"category","embeddable":true,"href":"https:\/\/yoga-gp.de\/index.php?rest_route=%2Fwp%2Fv2%2Fcategories&post=266"},{"taxonomy":"post_tag","embeddable":true,"href":"https:\/\/yoga-gp.de\/index.php?rest_route=%2Fwp%2Fv2%2Ftags&post=266"}],"curies":[{"name":"wp","href":"https:\/\/api.w.org\/{rel}","templated":true}]}}